{"id":95,"date":"2016-03-06T16:37:12","date_gmt":"2016-03-06T15:37:12","guid":{"rendered":"http:\/\/hejobcane.cz\/domains\/hejobcane.cz\/?p=95"},"modified":"2019-10-14T22:13:43","modified_gmt":"2019-10-14T21:13:43","slug":"poslanec-k-fiedler-o-odchodu-ze-strany-usvit-s-blokem-proti-islamu","status":"publish","type":"post","link":"http:\/\/hejobcane.cz\/domains\/hejobcane.cz\/2016\/03\/06\/poslanec-k-fiedler-o-odchodu-ze-strany-usvit-s-blokem-proti-islamu\/","title":{"rendered":"poslanec K. Fiedler o odchodu ze strany \u00dasvit s Blokem proti Isl\u00e1mu a vlivu V. B\u00e1rty"},"content":{"rendered":"<p><strong>&#8222;Jako m\u00edstop\u0159edseda strany \u00dasvit NK jsem se j\u00e1 i ostatn\u00ed dozv\u00eddali o rozhodnut\u00edch od sekret\u00e1\u0159\u016f,<\/strong><br \/>\n<strong>ve skute\u010dnosti \u0161lo o pokyny V. B\u00e1rty a \u00fazk\u00e9ho veden\u00ed Bloku proti Isl\u00e1mu, dlouho jsem o sv\u00e9m rozhodnut\u00ed p\u0159em\u00fd\u0161lel,\u00a0v\u011b\u0159il jsem ve zm\u011bnu, ale ta nep\u0159i\u0161la.&#8220; popsal situaci ve stran\u011b poslanec Fiedler<\/strong><br \/>\nHej, Ob\u010dan\u00e9! v\u00e1m p\u0159in\u00e1\u0161\u00ed exklusivn\u00ed rozhovor s K. Fiedlerem, poslancem a m\u00edstop\u0159edsedou strany \u00dasvit s Blokem proti isl\u00e1mu o odchodu jeho a dal\u0161\u00edch 18 \u010dlen\u016f ze strany, za Hej, Ob\u010dan\u00e9!,\u00a0<a id=\"js_pt\" class=\"titlebarText\" href=\"https:\/\/www.facebook.com\/radim.muschalek\" data-reactroot=\"\" data-ft=\"{&quot;tn&quot;:&quot;C&quot;}\" data-hover=\"tooltip\" data-tooltip-content=\"Radim Muschalek\">Radim Muschalek<\/a>, 05\/03\/2016<\/p>\n<p><a href=\"http:\/\/www.facebook.com\/hejobcane\/\" target=\"_blank\" rel=\"noopener noreferrer\">Hej, Ob\u010dan\u00e9!<\/a>\u00a0pova\u017euj\u00ed sou\u010dasnou situaci ve stran\u011b \u00dasvit s Blokem proti isl\u00e1mu za z\u00e1va\u017enou a varuj\u00edc\u00ed i pro v\u0161echny ostatn\u00ed etablovan\u00e9 i rozv\u00edjej\u00edc\u00ed se strany. V\u011b\u0159\u00edme, \u017ee se \u010dlensk\u00e9 z\u00e1kladn\u011b \u00dasvit s blokem proti Isl\u00e1mu poda\u0159\u00ed situaci zm\u011bnit a naplnit p\u0159edstavy sympatizant\u016f strany. Z ob\u010dansk\u00e9ho pohledu je popisovan\u00e9 ovzdu\u0161\u00ed ve stran\u011b resp. princip &#8222;\u00fa\u010del sv\u011bt\u00ed prost\u0159edky&#8220; \u010di &#8222;d\u016fle\u017eit\u00e9 jsou v\u00fdsledky, nen\u00ed d\u016fle\u017eit\u00e9 jak jich bylo dosa\u017eeno&#8220; neakceptovateln\u00fd. Pokud chceme dos\u00e1hnout pozitivn\u00edch zm\u011bn ve spole\u010dnosti a zapojit dal\u0161\u00ed na\u0161e spoluob\u010dany do d\u011bn\u00ed ve spole\u010dnosti, nen\u00ed mo\u017en\u00e9 se chovat a aplikovat postupy stejn\u00e9 jako oni resp. ti, kter\u00e9 kritizujeme.<\/p>\n<p>Tiskov\u00e9 prohl\u00e1\u0161en\u00ed K.Fiedlera zmi\u0148ovan\u00e9 v rozhovoru<\/p>\n<p>Tiskov\u00e9 prohl\u00e1\u0161en\u00ed Karla Fiedlera ze dne 1.3. 2016<br \/>\nKe dni 29.2. 2016 ukon\u010dilo 11 \u010dlen\u016f strany \u00dasvit v Moravskoslezsk\u00e9m kraji sv\u00e9 \u010dlenstv\u00ed v t\u00e9to stran\u011b.<br \/>\nObecn\u00fdm a spole\u010dn\u00fdm d\u016fvodem ukon\u010den\u00ed \u010dlenstv\u00ed m\u00e9ho i m\u00fdch koleg\u016f a kolegy\u0148 je nesouhlas s v\u00fdrazn\u00fdm ovliv\u0148ov\u00e1n\u00edm o ovl\u00e1dnut\u00edm d\u011bn\u00ed ve stran\u011b \u00dasvit ze strany V\u00edta B\u00e1rty za pomoci rostouc\u00edho po\u010dtu jemu loaj\u00e1ln\u00edch osob z \u0159ad \u010dlen\u016f strany a d\u00e1le u\u017e\u00edv\u00e1n\u00ed zcela nedemokratick\u00fdch praktik tzv. velryba\u0159en\u00ed p\u0159i tajn\u00e9m p\u0159ij\u00edm\u00e1n\u00ed \u010dern\u00fdch du\u0161\u00ed nebo zinscenovan\u00e9mu \u00fa\u010delov\u00e9mu p\u0159ij\u00edm\u00e1n\u00ed nov\u00fdch \u010dlen\u016f. Anebo naopak br\u00e1n\u011bn\u00ed vzniku nov\u00fdch klub\u016f (nebo \u010dlen\u016f) s t\u00edmt\u00e9\u017e \u00fa\u010delem.<br \/>\nDal\u0161\u00edm obecn\u00fdm a spole\u010dn\u00fdm d\u016fvodem je zp\u016fsob direktivn\u00edho centralistick\u00e9ho \u0159\u00edzen\u00ed strany, zcela pop\u00edraj\u00edc\u00edho proklamovan\u00fd a hl\u00e1san\u00fd princip p\u0159\u00edm\u00e9 demokracie, kter\u00fd strana ve sv\u00e9 vlastn\u00ed \u010dinnosti odm\u00edt\u00e1.<br \/>\nFungov\u00e1n\u00ed strany \u00dasvit, s jakoukoliv verz\u00ed sv\u00e9ho n\u00e1zvu, jako p\u0159eveden\u00fdch, transformovan\u00fdch nebo maskovan\u00fdch V\u011bc\u00ed Ve\u0159ejn\u00fdch, ovl\u00e1dan\u00e9 V\u00edtem B\u00e1rtou, je pro \u010dleny z Moravskoslezsk\u00e9ho kraje, je\u017e ukon\u010dili sv\u00e9 \u010dlenstv\u00ed ke dni 29.2. 2016, nep\u0159ijateln\u00e9.<br \/>\ning. Karel Fiedler, poslanec PSP zvolen\u00fd za \u00dasvit Tomia Okamury, posl\u00e9ze \u00dasvit N\u00e1rodn\u00ed koalice.<\/p>\n<div style=\"width: 640px;\" class=\"wp-video\"><!--[if lt IE 9]><script>document.createElement('video');<\/script><![endif]-->\n<video class=\"wp-video-shortcode\" id=\"video-95-1\" width=\"640\" height=\"360\" poster=\"http:\/\/hejobcane.cz\/domains\/hejobcane.cz\/wp-content\/uploads\/2016\/03\/Fiedler.jpg\" preload=\"metadata\" controls=\"controls\"><source type=\"video\/mp4\" src=\"http:\/\/hejobcane.cz\/domains\/hejobcane.cz\/wp-content\/uploads\/2016\/03\/MVI_0527_Segment_0_x264ipad.mp4?_=1\" \/><a href=\"http:\/\/hejobcane.cz\/domains\/hejobcane.cz\/wp-content\/uploads\/2016\/03\/MVI_0527_Segment_0_x264ipad.mp4\">http:\/\/hejobcane.cz\/domains\/hejobcane.cz\/wp-content\/uploads\/2016\/03\/MVI_0527_Segment_0_x264ipad.mp4<\/a><\/video><\/div>\n<p><!--codes_iframe--><\/p>\n<p><!--\/codes_iframe--><\/p>\n","protected":false},"excerpt":{"rendered":"<p>&#8222;Jako m\u00edstop\u0159edseda strany \u00dasvit NK jsem se j\u00e1 i ostatn\u00ed dozv\u00eddali o rozhodnut\u00edch od sekret\u00e1\u0159\u016f, ve skute\u010dnosti \u0161lo o pokyny V. B\u00e1rty a \u00fazk\u00e9ho veden\u00ed Bloku proti Isl\u00e1mu, dlouho jsem o sv\u00e9m rozhodnut\u00ed p\u0159em\u00fd\u0161lel,\u00a0v\u011b\u0159il jsem ve zm\u011bnu, ale ta nep\u0159i\u0161la.&#8220; popsal situaci ve stran\u011b poslanec Fiedler Hej, Ob\u010dan\u00e9! v\u00e1m p\u0159in\u00e1\u0161\u00ed exklusivn\u00ed rozhovor s K. Fiedlerem, [&hellip;]<\/p>\n","protected":false},"author":1,"featured_media":104,"comment_status":"open","ping_status":"open","sticky":false,"template":"","format":"standard","meta":{"spay_email":""},"categories":[28,2,27],"tags":[49,47],"jetpack_featured_media_url":"http:\/\/hejobcane.cz\/domains\/hejobcane.cz\/wp-content\/uploads\/2016\/03\/Fiedler-III.jpg","_links":{"self":[{"href":"http:\/\/hejobcane.cz\/domains\/hejobcane.cz\/wp-json\/wp\/v2\/posts\/95"}],"collection":[{"href":"http:\/\/hejobcane.cz\/domains\/hejobcane.cz\/wp-json\/wp\/v2\/posts"}],"about":[{"href":"http:\/\/hejobcane.cz\/domains\/hejobcane.cz\/wp-json\/wp\/v2\/types\/post"}],"author":[{"embeddable":true,"href":"http:\/\/hejobcane.cz\/domains\/hejobcane.cz\/wp-json\/wp\/v2\/users\/1"}],"replies":[{"embeddable":true,"href":"http:\/\/hejobcane.cz\/domains\/hejobcane.cz\/wp-json\/wp\/v2\/comments?post=95"}],"version-history":[{"count":0,"href":"http:\/\/hejobcane.cz\/domains\/hejobcane.cz\/wp-json\/wp\/v2\/posts\/95\/revisions"}],"wp:featuredmedia":[{"embeddable":true,"href":"http:\/\/hejobcane.cz\/domains\/hejobcane.cz\/wp-json\/wp\/v2\/media\/104"}],"wp:attachment":[{"href":"http:\/\/hejobcane.cz\/domains\/hejobcane.cz\/wp-json\/wp\/v2\/media?parent=95"}],"wp:term":[{"taxonomy":"category","embeddable":true,"href":"http:\/\/hejobcane.cz\/domains\/hejobcane.cz\/wp-json\/wp\/v2\/categories?post=95"},{"taxonomy":"post_tag","embeddable":true,"href":"http:\/\/hejobcane.cz\/domains\/hejobcane.cz\/wp-json\/wp\/v2\/tags?post=95"}],"curies":[{"name":"wp","href":"https:\/\/api.w.org\/{rel}","templated":true}]}}