{"id":536,"date":"2019-01-28T13:33:58","date_gmt":"2019-01-28T12:33:58","guid":{"rendered":"http:\/\/hejobcane.cz\/domains\/hejobcane.cz\/?p=536"},"modified":"2019-10-11T11:53:46","modified_gmt":"2019-10-11T10:53:46","slug":"protest-proti-spatnemu-hospodareni-vedeni-ceske-televize-a-mrhani-penezi-obcanu-cr","status":"publish","type":"post","link":"http:\/\/hejobcane.cz\/domains\/hejobcane.cz\/2019\/01\/28\/protest-proti-spatnemu-hospodareni-vedeni-ceske-televize-a-mrhani-penezi-obcanu-cr\/","title":{"rendered":"Protest proti \u0161patn\u00e9mu hospoda\u0159en\u00ed veden\u00ed \u010cesk\u00e9 Televize a mrh\u00e1n\u00ed pen\u011bzi ob\u010dan\u016f \u010cR."},"content":{"rendered":"<p>Protest proti \u0161patn\u00e9mu hospoda\u0159en\u00ed veden\u00ed \u010cesk\u00e9 Televize a mrh\u00e1n\u00ed pen\u011bzi ob\u010dan\u016f \u010cR.<\/p>\n<p>Praha 28. 1. 2019<\/p>\n<p>Spolek Hej Ob\u010dan\u00e9!, z.s. V\u00e1s zve na protestn\u00ed demonstraci proti dal\u0161\u00edmu rozkr\u00e1d\u00e1n\u00ed rozpo\u010dtu \u010cesk\u00e9 Televize. Ta se bude konat v Praze hned ve dvou term\u00ednech ve st\u0159edu 30.1.2019 od 16 hod v&nbsp;doln\u00ed \u010d\u00e1sti Malostransk\u00e9ho n\u00e1m\u011bst\u00ed a n\u00e1sledn\u011b ve \u010dtvrtek 31.1.2019 od 10 hodin p\u0159ed Sn\u011bmovnou P\u010cR.<\/p>\n<p>\u0160irok\u00e1 ve\u0159ejnost chce vyj\u00e1d\u0159it sv\u016fj dlouhodob\u00fd nesouhlas s&nbsp;hospoda\u0159en\u00edm \u010cT a mrh\u00e1n\u00edm prost\u0159edky, kter\u00e9 bude m\u00edt v&nbsp;p\u0159\u00ed\u0161t\u00edch letech za n\u00e1sledek kolaps ve\u0159ejnopr\u00e1vn\u00ed televize v&nbsp;\u010cR, p\u0159\u00edpadn\u011b v\u00fdrazn\u00e9 nav\u00fd\u0161en\u00ed poplatk\u016f \u010cT, kter\u00e9 jsou hrazeny ob\u010dany t\u00e9to republiky. Ji\u017e v&nbsp;sou\u010dasn\u00e9 dob\u011b vlivem \u0161patn\u00e9ho hospoda\u0159en\u00ed doch\u00e1z\u00ed k&nbsp;omezov\u00e1n\u00ed autorsk\u00e9 tvorby a k&nbsp;nekone\u010dn\u00e9mu opakovan\u00ed vys\u00edl\u00e1n\u00ed des\u00edtky let star\u00fdch zahrani\u010dn\u00edch program\u016f, zejm\u00e9na levn\u00fdch seri\u00e1l\u016f.<\/p>\n<p>Na\u0161\u00edm c\u00edlem je revize a nez\u00e1visl\u00fd audit hospoda\u0159en\u00ed \u010cT a vyvozen\u00ed d\u016fsledk\u016f ze zji\u0161t\u011bn\u00fdch hospod\u00e1\u0159sk\u00fdch informac\u00ed. Je nutn\u00e9, aby se ve\u0159ejnost dozv\u011bd\u011bla, kde skon\u010dily miliardy korun z&nbsp;jejich kapes.<\/p>\n<p>Oslovujeme t\u00edmto poslance P\u010cR, aby p\u0159i \u010dtvrte\u010dn\u00edm hlasov\u00e1n\u00ed zohlednili p\u0159\u00e1n\u00ed \u0161irok\u00e9 ve\u0159ejnosti p\u0159i schvalov\u00e1n\u00ed V\u00fdro\u010dn\u00ed zpr\u00e1vy o hospoda\u0159en\u00ed \u010cT a sou\u010dasn\u011b s&nbsp;t\u00edm i V\u00fdro\u010dn\u00ed zpr\u00e1vy o \u010dinnosti \u010cT a po\u017eadovali nez\u00e1visl\u00fd audit hospoda\u0159en\u00ed, kter\u00fd do dne\u0161n\u00edho dne nebyl za uplynul\u00e9 roky proveden a p\u0159edlo\u017een ke kontrole.<\/p>\n<p>C\u00edl t\u00e9to demonstrace je stabilizov\u00e1n\u00ed hospod\u00e1\u0159sk\u00e9 situace v&nbsp;\u010cT a nav\u00fd\u0161en\u00ed prost\u0159edk\u016f na produkci dom\u00e1c\u00ed tvorby.<\/p>\n<p>&nbsp;<\/p>\n<p>&nbsp;<\/p>\n<p>&nbsp;<\/p>\n<p><img loading=\"lazy\" class=\"alignnone size-medium wp-image-537\" src=\"http:\/\/hejobcane.cz\/domains\/hejobcane.cz\/wp-content\/uploads\/2019\/01\/PlatitaMlcet-640x362.jpg\" alt=\"\" width=\"640\" height=\"362\" srcset=\"http:\/\/hejobcane.cz\/domains\/hejobcane.cz\/wp-content\/uploads\/2019\/01\/PlatitaMlcet-640x362.jpg 640w, http:\/\/hejobcane.cz\/domains\/hejobcane.cz\/wp-content\/uploads\/2019\/01\/PlatitaMlcet-768x434.jpg 768w, http:\/\/hejobcane.cz\/domains\/hejobcane.cz\/wp-content\/uploads\/2019\/01\/PlatitaMlcet.jpg 923w\" sizes=\"(max-width: 640px) 100vw, 640px\" \/><\/p>\n<p>&nbsp;<\/p>\n<p>&nbsp;<\/p>\n","protected":false},"excerpt":{"rendered":"<p>Protest proti \u0161patn\u00e9mu hospoda\u0159en\u00ed veden\u00ed \u010cesk\u00e9 Televize a mrh\u00e1n\u00ed pen\u011bzi ob\u010dan\u016f \u010cR. Praha 28. 1. 2019 Spolek Hej Ob\u010dan\u00e9!, z.s. V\u00e1s zve na protestn\u00ed demonstraci proti dal\u0161\u00edmu rozkr\u00e1d\u00e1n\u00ed rozpo\u010dtu \u010cesk\u00e9 Televize. Ta se bude konat v Praze hned ve dvou term\u00ednech ve st\u0159edu 30.1.2019 od 16 hod v&nbsp;doln\u00ed \u010d\u00e1sti Malostransk\u00e9ho n\u00e1m\u011bst\u00ed a n\u00e1sledn\u011b ve \u010dtvrtek [&hellip;]<\/p>\n","protected":false},"author":1,"featured_media":537,"comment_status":"open","ping_status":"open","sticky":false,"template":"","format":"standard","meta":{"spay_email":""},"categories":[2,27],"tags":[],"jetpack_featured_media_url":"http:\/\/hejobcane.cz\/domains\/hejobcane.cz\/wp-content\/uploads\/2019\/01\/PlatitaMlcet.jpg","_links":{"self":[{"href":"http:\/\/hejobcane.cz\/domains\/hejobcane.cz\/wp-json\/wp\/v2\/posts\/536"}],"collection":[{"href":"http:\/\/hejobcane.cz\/domains\/hejobcane.cz\/wp-json\/wp\/v2\/posts"}],"about":[{"href":"http:\/\/hejobcane.cz\/domains\/hejobcane.cz\/wp-json\/wp\/v2\/types\/post"}],"author":[{"embeddable":true,"href":"http:\/\/hejobcane.cz\/domains\/hejobcane.cz\/wp-json\/wp\/v2\/users\/1"}],"replies":[{"embeddable":true,"href":"http:\/\/hejobcane.cz\/domains\/hejobcane.cz\/wp-json\/wp\/v2\/comments?post=536"}],"version-history":[{"count":0,"href":"http:\/\/hejobcane.cz\/domains\/hejobcane.cz\/wp-json\/wp\/v2\/posts\/536\/revisions"}],"wp:featuredmedia":[{"embeddable":true,"href":"http:\/\/hejobcane.cz\/domains\/hejobcane.cz\/wp-json\/wp\/v2\/media\/537"}],"wp:attachment":[{"href":"http:\/\/hejobcane.cz\/domains\/hejobcane.cz\/wp-json\/wp\/v2\/media?parent=536"}],"wp:term":[{"taxonomy":"category","embeddable":true,"href":"http:\/\/hejobcane.cz\/domains\/hejobcane.cz\/wp-json\/wp\/v2\/categories?post=536"},{"taxonomy":"post_tag","embeddable":true,"href":"http:\/\/hejobcane.cz\/domains\/hejobcane.cz\/wp-json\/wp\/v2\/tags?post=536"}],"curies":[{"name":"wp","href":"https:\/\/api.w.org\/{rel}","templated":true}]}}